{"id":65,"date":"2015-07-31T13:02:33","date_gmt":"2015-07-31T13:02:33","guid":{"rendered":"http:\/\/pt.freedomguard.arbat.name\/?p=65"},"modified":"2015-07-31T13:02:33","modified_gmt":"2015-07-31T13:02:33","slug":"sobre-a-necessidade-de-excluir-a-russia-da-organizacao-das-nacoes-unidas","status":"publish","type":"post","link":"https:\/\/pt.freedomguard.arbat.name\/?p=65","title":{"rendered":"Sobre a necessidade de excluir a R\u00fassia da Organiza\u00e7\u00e3o das Na\u00e7\u00f5es Unidas"},"content":{"rendered":"<p>Comit\u00e9 Internacional da defesa da liberdade e da sociedade civil acredita que vota\u00e7\u00e3o hist\u00f3rica de ontem no Conselho de Seguran\u00e7a das Na\u00e7\u00f5es Unidas sobre a cria\u00e7\u00e3o de um tribunal penal internacional para investigar a queda do v\u00f4o MH-17 companhias a\u00e9reas da Mal\u00e1sia que 17 de julho de 2014 e foi abatido sobre o territ\u00f3rio da Ucr\u00e2nia, todo o mundo civilizado revelou definitivo inadequado e absolutamente sem sentido ainda mais estadia da Federa\u00e7\u00e3o da R\u00fassia \u00e0 Organiza\u00e7\u00e3o das Na\u00e7\u00f5es Unidas.<\/p>\n<p><!--more-->Comit\u00e9 Internacional da defesa da liberdade e da sociedade civil tamb\u00e9m acredita que a descoberta da Federa\u00e7\u00e3o Russa ao Conselho de Seguran\u00e7a da ONU como membro permanente com poder de veto n\u00e3o \u00e9 desprovida de qualquer base jur\u00eddica, uma vez que a Federa\u00e7\u00e3o da R\u00fassia, que \u00e9 o herdeiro da Federa\u00e7\u00e3o Russa, nunca foi um membro permanente do Conselho de Seguran\u00e7a ONU e nem sequer \u00e9 o fundador da Organiza\u00e7\u00e3o das Na\u00e7\u00f5es Unidas, e tudo aquilo que as reivindica\u00e7\u00f5es da Federa\u00e7\u00e3o Russa em reconhecimento da sua herdeira da Uni\u00e3o Sovi\u00e9tica privou de quaisquer motivos razo\u00e1veis, como a Uni\u00e3o Sovi\u00e9tica era legalmente igual uni\u00e3o das quinze rep\u00fablicas sovi\u00e9ticas eo RSFSR foi apenas um deles.<\/p>\n<p>Comit\u00e9 Internacional da defesa da liberdade e da sociedade civil acredita que at\u00e9 \u00e0 data, a continua\u00e7\u00e3o da presen\u00e7a da representante da Federa\u00e7\u00e3o Russa ao Conselho de Seguran\u00e7a da ONU com poder de veto paralisa completamente alguns esfor\u00e7os pela Carta das Na\u00e7\u00f5es Unidas e os objetivos das opera\u00e7\u00f5es de manuten\u00e7\u00e3o da paz das Na\u00e7\u00f5es Unidas deve ser encerrado imediatamente.<\/p>\n<p>Al\u00e9m disso, em rela\u00e7\u00e3o a ontem demonstrou mais uma vez a Federa\u00e7\u00e3o falta de vontade ou incapacidade de cumprir com as regras gerais do comportamento civilizado persistente russo, o Comit\u00ea Internacional para a prote\u00e7\u00e3o da liberdade e da sociedade civil considera que \u00e9 necess\u00e1rio tomar fortalecendo ainda mais significativa de san\u00e7\u00f5es econ\u00f3micas contra a Federa\u00e7\u00e3o da R\u00fassia, at\u00e9 um embargo internacional abrangente a fim de eliminar qualquer possibilidade por parte de um Estado falhado no futuro, ser aplicado a qualquer dano apreci\u00e1vel a ordem mundial ea estabilidade internacional.<\/p>\n<p>Comit\u00e9 Internacional da defesa da liberdade e da sociedade civil considera inaceit\u00e1vel quando se consideram essas quest\u00f5es de princ\u00edpio a ter em conta o facto de a armas nucleares desempenho question\u00e1vel russo, uma vez que a posse de uma dissuas\u00e3o intruso de forma alguma ser invocada para justificar ou legalizar suas actividades criminosas. Todas as nossas concess\u00f5es a este respeito significaria que os terroristas conseguiram intimidar e realmente colocar de joelhos toda a comunidade internacional. Al\u00e9m disso, as atividades das Na\u00e7\u00f5es Unidas ainda n\u00e3o s\u00e3o de qualquer forma n\u00e3o sofrem com a aus\u00eancia do Conselho de Seguran\u00e7a em um n\u00famero de pa\u00edses que j\u00e1 possuem armas nucleares, bem como um n\u00famero de estados que t\u00eam um maior potencial econ\u00f3mico do que a da Federa\u00e7\u00e3o Russa.<\/p>\n<p>O texto original do documento \u00e9 em russo em <a href=\"http:\/\/civilguard.arbat.name\/?p=215\">http:\/\/civilguard.arbat.name\/?p=215<\/a>.<\/p>\n","protected":false},"excerpt":{"rendered":"<p>Comit\u00e9 Internacional da defesa da liberdade e da sociedade civil acredita que vota\u00e7\u00e3o hist\u00f3rica de ontem no Conselho de Seguran\u00e7a das Na\u00e7\u00f5es Unidas sobre a cria\u00e7\u00e3o de um tribunal penal internacional para investigar a queda do v\u00f4o MH-17 companhias a\u00e9reas da Mal\u00e1sia que 17 de julho de 2014 e foi abatido sobre o territ\u00f3rio da &hellip; <a href=\"https:\/\/pt.freedomguard.arbat.name\/?p=65\" class=\"more-link\">Continuar a ler <span class=\"screen-reader-text\">Sobre a necessidade de excluir a R\u00fassia da Organiza\u00e7\u00e3o das Na\u00e7\u00f5es Unidas<\/span><\/a><\/p>\n","protected":false},"author":1,"featured_media":0,"comment_status":"closed","ping_status":"open","sticky":false,"template":"","format":"standard","meta":{"footnotes":""},"categories":[15],"tags":[40,5,39],"class_list":["post-65","post","type-post","status-publish","format-standard","hentry","category-comite-da-defesa-da-liberdade","tag-nacoes-unidas","tag-russia","tag-terrorismo"],"_links":{"self":[{"href":"https:\/\/pt.freedomguard.arbat.name\/index.php?rest_route=\/wp\/v2\/posts\/65","targetHints":{"allow":["GET"]}}],"collection":[{"href":"https:\/\/pt.freedomguard.arbat.name\/index.php?rest_route=\/wp\/v2\/posts"}],"about":[{"href":"https:\/\/pt.freedomguard.arbat.name\/index.php?rest_route=\/wp\/v2\/types\/post"}],"author":[{"embeddable":true,"href":"https:\/\/pt.freedomguard.arbat.name\/index.php?rest_route=\/wp\/v2\/users\/1"}],"replies":[{"embeddable":true,"href":"https:\/\/pt.freedomguard.arbat.name\/index.php?rest_route=%2Fwp%2Fv2%2Fcomments&post=65"}],"version-history":[{"count":0,"href":"https:\/\/pt.freedomguard.arbat.name\/index.php?rest_route=\/wp\/v2\/posts\/65\/revisions"}],"wp:attachment":[{"href":"https:\/\/pt.freedomguard.arbat.name\/index.php?rest_route=%2Fwp%2Fv2%2Fmedia&parent=65"}],"wp:term":[{"taxonomy":"category","embeddable":true,"href":"https:\/\/pt.freedomguard.arbat.name\/index.php?rest_route=%2Fwp%2Fv2%2Fcategories&post=65"},{"taxonomy":"post_tag","embeddable":true,"href":"https:\/\/pt.freedomguard.arbat.name\/index.php?rest_route=%2Fwp%2Fv2%2Ftags&post=65"}],"curies":[{"name":"wp","href":"https:\/\/api.w.org\/{rel}","templated":true}]}}